{"id":2168,"date":"2025-01-06T12:43:36","date_gmt":"2025-01-06T11:43:36","guid":{"rendered":"https:\/\/reflek.be\/2025\/01\/06\/zeg-vaarwel-tegen-zomerhitte-met-de-juiste-zonwering\/"},"modified":"2025-04-02T15:26:02","modified_gmt":"2025-04-02T13:26:02","slug":"dites-adieu-a-la-chaleur-de-lete-avec-les-protection-solaire","status":"publish","type":"post","link":"https:\/\/reflek.be\/fr\/2025\/01\/06\/dites-adieu-a-la-chaleur-de-lete-avec-les-protection-solaire\/","title":{"rendered":"Dites adieu \u00e0 la chaleur de l&rsquo;\u00e9t\u00e9 avec les protection solaire"},"content":{"rendered":"","protected":false},"excerpt":{"rendered":"","protected":false},"author":1,"featured_media":1480,"comment_status":"closed","ping_status":"closed","sticky":false,"template":"","format":"standard","meta":{"_acf_changed":false,"footnotes":""},"categories":[32],"tags":[],"class_list":["post-2168","post","type-post","status-publish","format-standard","has-post-thumbnail","hentry","category-protection-solaire"],"acf":[],"yoast_head":"<!-- This site is optimized with the Yoast SEO plugin v27.0 - https:\/\/yoast.com\/product\/yoast-seo-wordpress\/ -->\n<title>Dites adieu \u00e0 la chaleur de l&#039;\u00e9t\u00e9 avec les protection solaire<\/title>\n<meta name=\"description\" content=\"Nous nous ferons un plaisir de vous pr\u00e9senter les diff\u00e9rentes possibilit\u00e9s de Reflek qui s&#039;offrent \u00e0 vous !\" \/>\n<meta name=\"robots\" content=\"index, follow, max-snippet:-1, max-image-preview:large, max-video-preview:-1\" \/>\n<link rel=\"canonical\" href=\"https:\/\/reflek.be\/fr\/2025\/01\/06\/dites-adieu-a-la-chaleur-de-lete-avec-les-protection-solaire\/\" \/>\n<meta property=\"og:locale\" content=\"fr_FR\" \/>\n<meta property=\"og:type\" content=\"article\" \/>\n<meta property=\"og:title\" content=\"Dites adieu \u00e0 la chaleur de l&#039;\u00e9t\u00e9 avec les protection solaire\" \/>\n<meta property=\"og:description\" content=\"Nous nous ferons un plaisir de vous pr\u00e9senter les diff\u00e9rentes possibilit\u00e9s de Reflek qui s&#039;offrent \u00e0 vous !\" \/>\n<meta property=\"og:url\" content=\"https:\/\/reflek.be\/fr\/2025\/01\/06\/dites-adieu-a-la-chaleur-de-lete-avec-les-protection-solaire\/\" \/>\n<meta property=\"og:site_name\" content=\"Reflek\" \/>\n<meta property=\"article:published_time\" content=\"2025-01-06T11:43:36+00:00\" \/>\n<meta property=\"article:modified_time\" content=\"2025-04-02T13:26:02+00:00\" \/>\n<meta property=\"og:image\" content=\"https:\/\/reflek.be\/wp-content\/uploads\/2024\/12\/verano_sfeerafbeelding_zonnescherm_v360_sttropez_001-scaled.jpeg\" \/>\n\t<meta property=\"og:image:width\" content=\"2560\" \/>\n\t<meta property=\"og:image:height\" content=\"1700\" \/>\n\t<meta property=\"og:image:type\" content=\"image\/jpeg\" \/>\n<meta name=\"author\" content=\"Pieter-Jan Vanlede\" \/>\n<meta name=\"twitter:card\" content=\"summary_large_image\" \/>\n<meta name=\"twitter:label1\" content=\"\u00c9crit par\" \/>\n\t<meta name=\"twitter:data1\" content=\"Pieter-Jan Vanlede\" \/>\n\t<meta name=\"twitter:label2\" content=\"Dur\u00e9e de lecture estim\u00e9e\" \/>\n\t<meta name=\"twitter:data2\" content=\"1 minute\" \/>\n<script type=\"application\/ld+json\" class=\"yoast-schema-graph\">{\"@context\":\"https:\/\/schema.org\",\"@graph\":[{\"@type\":\"Article\",\"@id\":\"https:\/\/reflek.be\/fr\/2025\/01\/06\/dites-adieu-a-la-chaleur-de-lete-avec-les-protection-solaire\/#article\",\"isPartOf\":{\"@id\":\"https:\/\/reflek.be\/fr\/2025\/01\/06\/dites-adieu-a-la-chaleur-de-lete-avec-les-protection-solaire\/\"},\"author\":{\"name\":\"Pieter-Jan Vanlede\",\"@id\":\"https:\/\/reflek.be\/fr\/#\/schema\/person\/df73b5507f41af03ecba22298bde4bef\"},\"headline\":\"Dites adieu \u00e0 la chaleur de l&rsquo;\u00e9t\u00e9 avec les protection solaire\",\"datePublished\":\"2025-01-06T11:43:36+00:00\",\"dateModified\":\"2025-04-02T13:26:02+00:00\",\"mainEntityOfPage\":{\"@id\":\"https:\/\/reflek.be\/fr\/2025\/01\/06\/dites-adieu-a-la-chaleur-de-lete-avec-les-protection-solaire\/\"},\"wordCount\":11,\"publisher\":{\"@id\":\"https:\/\/reflek.be\/fr\/#organization\"},\"image\":{\"@id\":\"https:\/\/reflek.be\/fr\/2025\/01\/06\/dites-adieu-a-la-chaleur-de-lete-avec-les-protection-solaire\/#primaryimage\"},\"thumbnailUrl\":\"https:\/\/reflek.be\/wp-content\/uploads\/2024\/12\/verano_sfeerafbeelding_zonnescherm_v360_sttropez_001-scaled.jpeg\",\"articleSection\":[\"Protection solaire\"],\"inLanguage\":\"fr-FR\"},{\"@type\":\"WebPage\",\"@id\":\"https:\/\/reflek.be\/fr\/2025\/01\/06\/dites-adieu-a-la-chaleur-de-lete-avec-les-protection-solaire\/\",\"url\":\"https:\/\/reflek.be\/fr\/2025\/01\/06\/dites-adieu-a-la-chaleur-de-lete-avec-les-protection-solaire\/\",\"name\":\"Dites adieu \u00e0 la chaleur de l'\u00e9t\u00e9 avec les protection solaire\",\"isPartOf\":{\"@id\":\"https:\/\/reflek.be\/fr\/#website\"},\"primaryImageOfPage\":{\"@id\":\"https:\/\/reflek.be\/fr\/2025\/01\/06\/dites-adieu-a-la-chaleur-de-lete-avec-les-protection-solaire\/#primaryimage\"},\"image\":{\"@id\":\"https:\/\/reflek.be\/fr\/2025\/01\/06\/dites-adieu-a-la-chaleur-de-lete-avec-les-protection-solaire\/#primaryimage\"},\"thumbnailUrl\":\"https:\/\/reflek.be\/wp-content\/uploads\/2024\/12\/verano_sfeerafbeelding_zonnescherm_v360_sttropez_001-scaled.jpeg\",\"datePublished\":\"2025-01-06T11:43:36+00:00\",\"dateModified\":\"2025-04-02T13:26:02+00:00\",\"description\":\"Nous nous ferons un plaisir de vous pr\u00e9senter les diff\u00e9rentes possibilit\u00e9s de Reflek qui s'offrent \u00e0 vous !\",\"breadcrumb\":{\"@id\":\"https:\/\/reflek.be\/fr\/2025\/01\/06\/dites-adieu-a-la-chaleur-de-lete-avec-les-protection-solaire\/#breadcrumb\"},\"inLanguage\":\"fr-FR\",\"potentialAction\":[{\"@type\":\"ReadAction\",\"target\":[\"https:\/\/reflek.be\/fr\/2025\/01\/06\/dites-adieu-a-la-chaleur-de-lete-avec-les-protection-solaire\/\"]}]},{\"@type\":\"ImageObject\",\"inLanguage\":\"fr-FR\",\"@id\":\"https:\/\/reflek.be\/fr\/2025\/01\/06\/dites-adieu-a-la-chaleur-de-lete-avec-les-protection-solaire\/#primaryimage\",\"url\":\"https:\/\/reflek.be\/wp-content\/uploads\/2024\/12\/verano_sfeerafbeelding_zonnescherm_v360_sttropez_001-scaled.jpeg\",\"contentUrl\":\"https:\/\/reflek.be\/wp-content\/uploads\/2024\/12\/verano_sfeerafbeelding_zonnescherm_v360_sttropez_001-scaled.jpeg\",\"width\":2560,\"height\":1700},{\"@type\":\"BreadcrumbList\",\"@id\":\"https:\/\/reflek.be\/fr\/2025\/01\/06\/dites-adieu-a-la-chaleur-de-lete-avec-les-protection-solaire\/#breadcrumb\",\"itemListElement\":[{\"@type\":\"ListItem\",\"position\":1,\"name\":\"Home\",\"item\":\"https:\/\/reflek.be\/fr\/\"},{\"@type\":\"ListItem\",\"position\":2,\"name\":\"Dites adieu \u00e0 la chaleur de l&#8217;\u00e9t\u00e9 avec les protection solaire\"}]},{\"@type\":\"WebSite\",\"@id\":\"https:\/\/reflek.be\/fr\/#website\",\"url\":\"https:\/\/reflek.be\/fr\/\",\"name\":\"Reflek\",\"description\":\"Stijlvolle oplossingen voor jouw leefruimte\",\"publisher\":{\"@id\":\"https:\/\/reflek.be\/fr\/#organization\"},\"potentialAction\":[{\"@type\":\"SearchAction\",\"target\":{\"@type\":\"EntryPoint\",\"urlTemplate\":\"https:\/\/reflek.be\/fr\/?s={search_term_string}\"},\"query-input\":{\"@type\":\"PropertyValueSpecification\",\"valueRequired\":true,\"valueName\":\"search_term_string\"}}],\"inLanguage\":\"fr-FR\"},{\"@type\":\"Organization\",\"@id\":\"https:\/\/reflek.be\/fr\/#organization\",\"name\":\"Reflek\",\"url\":\"https:\/\/reflek.be\/fr\/\",\"logo\":{\"@type\":\"ImageObject\",\"inLanguage\":\"fr-FR\",\"@id\":\"https:\/\/reflek.be\/fr\/#\/schema\/logo\/image\/\",\"url\":\"https:\/\/reflek.be\/wp-content\/uploads\/2024\/12\/Reflek-Logo.png\",\"contentUrl\":\"https:\/\/reflek.be\/wp-content\/uploads\/2024\/12\/Reflek-Logo.png\",\"width\":1250,\"height\":723,\"caption\":\"Reflek\"},\"image\":{\"@id\":\"https:\/\/reflek.be\/fr\/#\/schema\/logo\/image\/\"}},{\"@type\":\"Person\",\"@id\":\"https:\/\/reflek.be\/fr\/#\/schema\/person\/df73b5507f41af03ecba22298bde4bef\",\"name\":\"Pieter-Jan Vanlede\",\"image\":{\"@type\":\"ImageObject\",\"inLanguage\":\"fr-FR\",\"@id\":\"https:\/\/reflek.be\/fr\/#\/schema\/person\/image\/\",\"url\":\"https:\/\/secure.gravatar.com\/avatar\/46b184ba8b8e9c8a38ee6e4eb1ab7742ad0695404a498425ae15cea10f2b7669?s=96&d=mm&r=g\",\"contentUrl\":\"https:\/\/secure.gravatar.com\/avatar\/46b184ba8b8e9c8a38ee6e4eb1ab7742ad0695404a498425ae15cea10f2b7669?s=96&d=mm&r=g\",\"caption\":\"Pieter-Jan Vanlede\"},\"sameAs\":[\"https:\/\/reflek.be\"]}]}<\/script>\n<!-- \/ Yoast SEO plugin. -->","yoast_head_json":{"title":"Dites adieu \u00e0 la chaleur de l'\u00e9t\u00e9 avec les protection solaire","description":"Nous nous ferons un plaisir de vous pr\u00e9senter les diff\u00e9rentes possibilit\u00e9s de Reflek qui s'offrent \u00e0 vous !","robots":{"index":"index","follow":"follow","max-snippet":"max-snippet:-1","max-image-preview":"max-image-preview:large","max-video-preview":"max-video-preview:-1"},"canonical":"https:\/\/reflek.be\/fr\/2025\/01\/06\/dites-adieu-a-la-chaleur-de-lete-avec-les-protection-solaire\/","og_locale":"fr_FR","og_type":"article","og_title":"Dites adieu \u00e0 la chaleur de l'\u00e9t\u00e9 avec les protection solaire","og_description":"Nous nous ferons un plaisir de vous pr\u00e9senter les diff\u00e9rentes possibilit\u00e9s de Reflek qui s'offrent \u00e0 vous !","og_url":"https:\/\/reflek.be\/fr\/2025\/01\/06\/dites-adieu-a-la-chaleur-de-lete-avec-les-protection-solaire\/","og_site_name":"Reflek","article_published_time":"2025-01-06T11:43:36+00:00","article_modified_time":"2025-04-02T13:26:02+00:00","og_image":[{"width":2560,"height":1700,"url":"https:\/\/reflek.be\/wp-content\/uploads\/2024\/12\/verano_sfeerafbeelding_zonnescherm_v360_sttropez_001-scaled.jpeg","type":"image\/jpeg"}],"author":"Pieter-Jan Vanlede","twitter_card":"summary_large_image","twitter_misc":{"\u00c9crit par":"Pieter-Jan Vanlede","Dur\u00e9e de lecture estim\u00e9e":"1 minute"},"schema":{"@context":"https:\/\/schema.org","@graph":[{"@type":"Article","@id":"https:\/\/reflek.be\/fr\/2025\/01\/06\/dites-adieu-a-la-chaleur-de-lete-avec-les-protection-solaire\/#article","isPartOf":{"@id":"https:\/\/reflek.be\/fr\/2025\/01\/06\/dites-adieu-a-la-chaleur-de-lete-avec-les-protection-solaire\/"},"author":{"name":"Pieter-Jan Vanlede","@id":"https:\/\/reflek.be\/fr\/#\/schema\/person\/df73b5507f41af03ecba22298bde4bef"},"headline":"Dites adieu \u00e0 la chaleur de l&rsquo;\u00e9t\u00e9 avec les protection solaire","datePublished":"2025-01-06T11:43:36+00:00","dateModified":"2025-04-02T13:26:02+00:00","mainEntityOfPage":{"@id":"https:\/\/reflek.be\/fr\/2025\/01\/06\/dites-adieu-a-la-chaleur-de-lete-avec-les-protection-solaire\/"},"wordCount":11,"publisher":{"@id":"https:\/\/reflek.be\/fr\/#organization"},"image":{"@id":"https:\/\/reflek.be\/fr\/2025\/01\/06\/dites-adieu-a-la-chaleur-de-lete-avec-les-protection-solaire\/#primaryimage"},"thumbnailUrl":"https:\/\/reflek.be\/wp-content\/uploads\/2024\/12\/verano_sfeerafbeelding_zonnescherm_v360_sttropez_001-scaled.jpeg","articleSection":["Protection solaire"],"inLanguage":"fr-FR"},{"@type":"WebPage","@id":"https:\/\/reflek.be\/fr\/2025\/01\/06\/dites-adieu-a-la-chaleur-de-lete-avec-les-protection-solaire\/","url":"https:\/\/reflek.be\/fr\/2025\/01\/06\/dites-adieu-a-la-chaleur-de-lete-avec-les-protection-solaire\/","name":"Dites adieu \u00e0 la chaleur de l'\u00e9t\u00e9 avec les protection solaire","isPartOf":{"@id":"https:\/\/reflek.be\/fr\/#website"},"primaryImageOfPage":{"@id":"https:\/\/reflek.be\/fr\/2025\/01\/06\/dites-adieu-a-la-chaleur-de-lete-avec-les-protection-solaire\/#primaryimage"},"image":{"@id":"https:\/\/reflek.be\/fr\/2025\/01\/06\/dites-adieu-a-la-chaleur-de-lete-avec-les-protection-solaire\/#primaryimage"},"thumbnailUrl":"https:\/\/reflek.be\/wp-content\/uploads\/2024\/12\/verano_sfeerafbeelding_zonnescherm_v360_sttropez_001-scaled.jpeg","datePublished":"2025-01-06T11:43:36+00:00","dateModified":"2025-04-02T13:26:02+00:00","description":"Nous nous ferons un plaisir de vous pr\u00e9senter les diff\u00e9rentes possibilit\u00e9s de Reflek qui s'offrent \u00e0 vous !","breadcrumb":{"@id":"https:\/\/reflek.be\/fr\/2025\/01\/06\/dites-adieu-a-la-chaleur-de-lete-avec-les-protection-solaire\/#breadcrumb"},"inLanguage":"fr-FR","potentialAction":[{"@type":"ReadAction","target":["https:\/\/reflek.be\/fr\/2025\/01\/06\/dites-adieu-a-la-chaleur-de-lete-avec-les-protection-solaire\/"]}]},{"@type":"ImageObject","inLanguage":"fr-FR","@id":"https:\/\/reflek.be\/fr\/2025\/01\/06\/dites-adieu-a-la-chaleur-de-lete-avec-les-protection-solaire\/#primaryimage","url":"https:\/\/reflek.be\/wp-content\/uploads\/2024\/12\/verano_sfeerafbeelding_zonnescherm_v360_sttropez_001-scaled.jpeg","contentUrl":"https:\/\/reflek.be\/wp-content\/uploads\/2024\/12\/verano_sfeerafbeelding_zonnescherm_v360_sttropez_001-scaled.jpeg","width":2560,"height":1700},{"@type":"BreadcrumbList","@id":"https:\/\/reflek.be\/fr\/2025\/01\/06\/dites-adieu-a-la-chaleur-de-lete-avec-les-protection-solaire\/#breadcrumb","itemListElement":[{"@type":"ListItem","position":1,"name":"Home","item":"https:\/\/reflek.be\/fr\/"},{"@type":"ListItem","position":2,"name":"Dites adieu \u00e0 la chaleur de l&#8217;\u00e9t\u00e9 avec les protection solaire"}]},{"@type":"WebSite","@id":"https:\/\/reflek.be\/fr\/#website","url":"https:\/\/reflek.be\/fr\/","name":"Reflek","description":"Stijlvolle oplossingen voor jouw leefruimte","publisher":{"@id":"https:\/\/reflek.be\/fr\/#organization"},"potentialAction":[{"@type":"SearchAction","target":{"@type":"EntryPoint","urlTemplate":"https:\/\/reflek.be\/fr\/?s={search_term_string}"},"query-input":{"@type":"PropertyValueSpecification","valueRequired":true,"valueName":"search_term_string"}}],"inLanguage":"fr-FR"},{"@type":"Organization","@id":"https:\/\/reflek.be\/fr\/#organization","name":"Reflek","url":"https:\/\/reflek.be\/fr\/","logo":{"@type":"ImageObject","inLanguage":"fr-FR","@id":"https:\/\/reflek.be\/fr\/#\/schema\/logo\/image\/","url":"https:\/\/reflek.be\/wp-content\/uploads\/2024\/12\/Reflek-Logo.png","contentUrl":"https:\/\/reflek.be\/wp-content\/uploads\/2024\/12\/Reflek-Logo.png","width":1250,"height":723,"caption":"Reflek"},"image":{"@id":"https:\/\/reflek.be\/fr\/#\/schema\/logo\/image\/"}},{"@type":"Person","@id":"https:\/\/reflek.be\/fr\/#\/schema\/person\/df73b5507f41af03ecba22298bde4bef","name":"Pieter-Jan Vanlede","image":{"@type":"ImageObject","inLanguage":"fr-FR","@id":"https:\/\/reflek.be\/fr\/#\/schema\/person\/image\/","url":"https:\/\/secure.gravatar.com\/avatar\/46b184ba8b8e9c8a38ee6e4eb1ab7742ad0695404a498425ae15cea10f2b7669?s=96&d=mm&r=g","contentUrl":"https:\/\/secure.gravatar.com\/avatar\/46b184ba8b8e9c8a38ee6e4eb1ab7742ad0695404a498425ae15cea10f2b7669?s=96&d=mm&r=g","caption":"Pieter-Jan Vanlede"},"sameAs":["https:\/\/reflek.be"]}]}},"_links":{"self":[{"href":"https:\/\/reflek.be\/fr\/wp-json\/wp\/v2\/posts\/2168","targetHints":{"allow":["GET"]}}],"collection":[{"href":"https:\/\/reflek.be\/fr\/wp-json\/wp\/v2\/posts"}],"about":[{"href":"https:\/\/reflek.be\/fr\/wp-json\/wp\/v2\/types\/post"}],"author":[{"embeddable":true,"href":"https:\/\/reflek.be\/fr\/wp-json\/wp\/v2\/users\/1"}],"replies":[{"embeddable":true,"href":"https:\/\/reflek.be\/fr\/wp-json\/wp\/v2\/comments?post=2168"}],"version-history":[{"count":0,"href":"https:\/\/reflek.be\/fr\/wp-json\/wp\/v2\/posts\/2168\/revisions"}],"wp:featuredmedia":[{"embeddable":true,"href":"https:\/\/reflek.be\/fr\/wp-json\/wp\/v2\/media\/1480"}],"wp:attachment":[{"href":"https:\/\/reflek.be\/fr\/wp-json\/wp\/v2\/media?parent=2168"}],"wp:term":[{"taxonomy":"category","embeddable":true,"href":"https:\/\/reflek.be\/fr\/wp-json\/wp\/v2\/categories?post=2168"},{"taxonomy":"post_tag","embeddable":true,"href":"https:\/\/reflek.be\/fr\/wp-json\/wp\/v2\/tags?post=2168"}],"curies":[{"name":"wp","href":"https:\/\/api.w.org\/{rel}","templated":true}]}}