{"id":2166,"date":"2025-01-30T16:45:34","date_gmt":"2025-01-30T15:45:34","guid":{"rendered":"https:\/\/reflek.be\/2025\/01\/30\/le-compte-a-rebours-est-lance-mettez-votre-terrasse-en-mode-printemps\/"},"modified":"2025-04-02T15:24:35","modified_gmt":"2025-04-02T13:24:35","slug":"le-compte-a-rebours-est-lance-mettez-votre-terrasse-en-mode-printemps","status":"publish","type":"post","link":"https:\/\/reflek.be\/fr\/2025\/01\/30\/le-compte-a-rebours-est-lance-mettez-votre-terrasse-en-mode-printemps\/","title":{"rendered":"Le compte \u00e0 rebours est lanc\u00e9 : mettez votre terrasse en mode printemps\u2009!"},"content":{"rendered":"","protected":false},"excerpt":{"rendered":"","protected":false},"author":1,"featured_media":1903,"comment_status":"closed","ping_status":"closed","sticky":false,"template":"","format":"standard","meta":{"_acf_changed":false,"footnotes":""},"categories":[35,34,32],"tags":[],"class_list":["post-2166","post","type-post","status-publish","format-standard","has-post-thumbnail","hentry","category-murs-exterieurs","category-canopee","category-protection-solaire"],"acf":[],"yoast_head":"<!-- This site is optimized with the Yoast SEO plugin v27.0 - https:\/\/yoast.com\/product\/yoast-seo-wordpress\/ -->\n<title>Mettez votre terrasse en mode printemps<\/title>\n<meta name=\"description\" content=\"Avec Reflek, transformez votre terrasse en un havre de bien-\u00eatre gr\u00e2ce \u00e0 des solutions sur mesure pour un confort absolu.\" \/>\n<meta name=\"robots\" content=\"index, follow, max-snippet:-1, max-image-preview:large, max-video-preview:-1\" \/>\n<link rel=\"canonical\" href=\"https:\/\/reflek.be\/fr\/2025\/01\/30\/le-compte-a-rebours-est-lance-mettez-votre-terrasse-en-mode-printemps\/\" \/>\n<meta property=\"og:locale\" content=\"fr_FR\" \/>\n<meta property=\"og:type\" content=\"article\" \/>\n<meta property=\"og:title\" content=\"Mettez votre terrasse en mode printemps\" \/>\n<meta property=\"og:description\" content=\"Avec Reflek, transformez votre terrasse en un havre de bien-\u00eatre gr\u00e2ce \u00e0 des solutions sur mesure pour un confort absolu.\" \/>\n<meta property=\"og:url\" content=\"https:\/\/reflek.be\/fr\/2025\/01\/30\/le-compte-a-rebours-est-lance-mettez-votre-terrasse-en-mode-printemps\/\" \/>\n<meta property=\"og:site_name\" content=\"Reflek\" \/>\n<meta property=\"article:published_time\" content=\"2025-01-30T15:45:34+00:00\" \/>\n<meta property=\"article:modified_time\" content=\"2025-04-02T13:24:35+00:00\" \/>\n<meta property=\"og:image\" content=\"https:\/\/reflek.be\/wp-content\/uploads\/2025\/01\/Fotoshoot_Reflek_prestaties15-scaled.jpg\" \/>\n\t<meta property=\"og:image:width\" content=\"2560\" \/>\n\t<meta property=\"og:image:height\" content=\"1707\" \/>\n\t<meta property=\"og:image:type\" content=\"image\/jpeg\" \/>\n<meta name=\"author\" content=\"Pieter-Jan Vanlede\" \/>\n<meta name=\"twitter:card\" content=\"summary_large_image\" \/>\n<meta name=\"twitter:label1\" content=\"\u00c9crit par\" \/>\n\t<meta name=\"twitter:data1\" content=\"Pieter-Jan Vanlede\" \/>\n\t<meta name=\"twitter:label2\" content=\"Dur\u00e9e de lecture estim\u00e9e\" \/>\n\t<meta name=\"twitter:data2\" content=\"1 minute\" \/>\n<script type=\"application\/ld+json\" class=\"yoast-schema-graph\">{\"@context\":\"https:\/\/schema.org\",\"@graph\":[{\"@type\":\"Article\",\"@id\":\"https:\/\/reflek.be\/fr\/2025\/01\/30\/le-compte-a-rebours-est-lance-mettez-votre-terrasse-en-mode-printemps\/#article\",\"isPartOf\":{\"@id\":\"https:\/\/reflek.be\/fr\/2025\/01\/30\/le-compte-a-rebours-est-lance-mettez-votre-terrasse-en-mode-printemps\/\"},\"author\":{\"name\":\"Pieter-Jan Vanlede\",\"@id\":\"https:\/\/reflek.be\/fr\/#\/schema\/person\/df73b5507f41af03ecba22298bde4bef\"},\"headline\":\"Le compte \u00e0 rebours est lanc\u00e9 : mettez votre terrasse en mode printemps\u2009!\",\"datePublished\":\"2025-01-30T15:45:34+00:00\",\"dateModified\":\"2025-04-02T13:24:35+00:00\",\"mainEntityOfPage\":{\"@id\":\"https:\/\/reflek.be\/fr\/2025\/01\/30\/le-compte-a-rebours-est-lance-mettez-votre-terrasse-en-mode-printemps\/\"},\"wordCount\":11,\"publisher\":{\"@id\":\"https:\/\/reflek.be\/fr\/#organization\"},\"image\":{\"@id\":\"https:\/\/reflek.be\/fr\/2025\/01\/30\/le-compte-a-rebours-est-lance-mettez-votre-terrasse-en-mode-printemps\/#primaryimage\"},\"thumbnailUrl\":\"https:\/\/reflek.be\/wp-content\/uploads\/2025\/01\/Fotoshoot_Reflek_prestaties15-scaled.jpg\",\"articleSection\":[\"Parois ext\u00e9rieures\",\"Pergola\",\"Protection solaire\"],\"inLanguage\":\"fr-FR\"},{\"@type\":\"WebPage\",\"@id\":\"https:\/\/reflek.be\/fr\/2025\/01\/30\/le-compte-a-rebours-est-lance-mettez-votre-terrasse-en-mode-printemps\/\",\"url\":\"https:\/\/reflek.be\/fr\/2025\/01\/30\/le-compte-a-rebours-est-lance-mettez-votre-terrasse-en-mode-printemps\/\",\"name\":\"Mettez votre terrasse en mode printemps\",\"isPartOf\":{\"@id\":\"https:\/\/reflek.be\/fr\/#website\"},\"primaryImageOfPage\":{\"@id\":\"https:\/\/reflek.be\/fr\/2025\/01\/30\/le-compte-a-rebours-est-lance-mettez-votre-terrasse-en-mode-printemps\/#primaryimage\"},\"image\":{\"@id\":\"https:\/\/reflek.be\/fr\/2025\/01\/30\/le-compte-a-rebours-est-lance-mettez-votre-terrasse-en-mode-printemps\/#primaryimage\"},\"thumbnailUrl\":\"https:\/\/reflek.be\/wp-content\/uploads\/2025\/01\/Fotoshoot_Reflek_prestaties15-scaled.jpg\",\"datePublished\":\"2025-01-30T15:45:34+00:00\",\"dateModified\":\"2025-04-02T13:24:35+00:00\",\"description\":\"Avec Reflek, transformez votre terrasse en un havre de bien-\u00eatre gr\u00e2ce \u00e0 des solutions sur mesure pour un confort absolu.\",\"breadcrumb\":{\"@id\":\"https:\/\/reflek.be\/fr\/2025\/01\/30\/le-compte-a-rebours-est-lance-mettez-votre-terrasse-en-mode-printemps\/#breadcrumb\"},\"inLanguage\":\"fr-FR\",\"potentialAction\":[{\"@type\":\"ReadAction\",\"target\":[\"https:\/\/reflek.be\/fr\/2025\/01\/30\/le-compte-a-rebours-est-lance-mettez-votre-terrasse-en-mode-printemps\/\"]}]},{\"@type\":\"ImageObject\",\"inLanguage\":\"fr-FR\",\"@id\":\"https:\/\/reflek.be\/fr\/2025\/01\/30\/le-compte-a-rebours-est-lance-mettez-votre-terrasse-en-mode-printemps\/#primaryimage\",\"url\":\"https:\/\/reflek.be\/wp-content\/uploads\/2025\/01\/Fotoshoot_Reflek_prestaties15-scaled.jpg\",\"contentUrl\":\"https:\/\/reflek.be\/wp-content\/uploads\/2025\/01\/Fotoshoot_Reflek_prestaties15-scaled.jpg\",\"width\":2560,\"height\":1707},{\"@type\":\"BreadcrumbList\",\"@id\":\"https:\/\/reflek.be\/fr\/2025\/01\/30\/le-compte-a-rebours-est-lance-mettez-votre-terrasse-en-mode-printemps\/#breadcrumb\",\"itemListElement\":[{\"@type\":\"ListItem\",\"position\":1,\"name\":\"Home\",\"item\":\"https:\/\/reflek.be\/fr\/\"},{\"@type\":\"ListItem\",\"position\":2,\"name\":\"Le compte \u00e0 rebours est lanc\u00e9 : mettez votre terrasse en mode printemps\u2009!\"}]},{\"@type\":\"WebSite\",\"@id\":\"https:\/\/reflek.be\/fr\/#website\",\"url\":\"https:\/\/reflek.be\/fr\/\",\"name\":\"Reflek\",\"description\":\"Stijlvolle oplossingen voor jouw leefruimte\",\"publisher\":{\"@id\":\"https:\/\/reflek.be\/fr\/#organization\"},\"potentialAction\":[{\"@type\":\"SearchAction\",\"target\":{\"@type\":\"EntryPoint\",\"urlTemplate\":\"https:\/\/reflek.be\/fr\/?s={search_term_string}\"},\"query-input\":{\"@type\":\"PropertyValueSpecification\",\"valueRequired\":true,\"valueName\":\"search_term_string\"}}],\"inLanguage\":\"fr-FR\"},{\"@type\":\"Organization\",\"@id\":\"https:\/\/reflek.be\/fr\/#organization\",\"name\":\"Reflek\",\"url\":\"https:\/\/reflek.be\/fr\/\",\"logo\":{\"@type\":\"ImageObject\",\"inLanguage\":\"fr-FR\",\"@id\":\"https:\/\/reflek.be\/fr\/#\/schema\/logo\/image\/\",\"url\":\"https:\/\/reflek.be\/wp-content\/uploads\/2024\/12\/Reflek-Logo.png\",\"contentUrl\":\"https:\/\/reflek.be\/wp-content\/uploads\/2024\/12\/Reflek-Logo.png\",\"width\":1250,\"height\":723,\"caption\":\"Reflek\"},\"image\":{\"@id\":\"https:\/\/reflek.be\/fr\/#\/schema\/logo\/image\/\"}},{\"@type\":\"Person\",\"@id\":\"https:\/\/reflek.be\/fr\/#\/schema\/person\/df73b5507f41af03ecba22298bde4bef\",\"name\":\"Pieter-Jan Vanlede\",\"image\":{\"@type\":\"ImageObject\",\"inLanguage\":\"fr-FR\",\"@id\":\"https:\/\/reflek.be\/fr\/#\/schema\/person\/image\/\",\"url\":\"https:\/\/secure.gravatar.com\/avatar\/46b184ba8b8e9c8a38ee6e4eb1ab7742ad0695404a498425ae15cea10f2b7669?s=96&d=mm&r=g\",\"contentUrl\":\"https:\/\/secure.gravatar.com\/avatar\/46b184ba8b8e9c8a38ee6e4eb1ab7742ad0695404a498425ae15cea10f2b7669?s=96&d=mm&r=g\",\"caption\":\"Pieter-Jan Vanlede\"},\"sameAs\":[\"https:\/\/reflek.be\"]}]}<\/script>\n<!-- \/ Yoast SEO plugin. -->","yoast_head_json":{"title":"Mettez votre terrasse en mode printemps","description":"Avec Reflek, transformez votre terrasse en un havre de bien-\u00eatre gr\u00e2ce \u00e0 des solutions sur mesure pour un confort absolu.","robots":{"index":"index","follow":"follow","max-snippet":"max-snippet:-1","max-image-preview":"max-image-preview:large","max-video-preview":"max-video-preview:-1"},"canonical":"https:\/\/reflek.be\/fr\/2025\/01\/30\/le-compte-a-rebours-est-lance-mettez-votre-terrasse-en-mode-printemps\/","og_locale":"fr_FR","og_type":"article","og_title":"Mettez votre terrasse en mode printemps","og_description":"Avec Reflek, transformez votre terrasse en un havre de bien-\u00eatre gr\u00e2ce \u00e0 des solutions sur mesure pour un confort absolu.","og_url":"https:\/\/reflek.be\/fr\/2025\/01\/30\/le-compte-a-rebours-est-lance-mettez-votre-terrasse-en-mode-printemps\/","og_site_name":"Reflek","article_published_time":"2025-01-30T15:45:34+00:00","article_modified_time":"2025-04-02T13:24:35+00:00","og_image":[{"width":2560,"height":1707,"url":"https:\/\/reflek.be\/wp-content\/uploads\/2025\/01\/Fotoshoot_Reflek_prestaties15-scaled.jpg","type":"image\/jpeg"}],"author":"Pieter-Jan Vanlede","twitter_card":"summary_large_image","twitter_misc":{"\u00c9crit par":"Pieter-Jan Vanlede","Dur\u00e9e de lecture estim\u00e9e":"1 minute"},"schema":{"@context":"https:\/\/schema.org","@graph":[{"@type":"Article","@id":"https:\/\/reflek.be\/fr\/2025\/01\/30\/le-compte-a-rebours-est-lance-mettez-votre-terrasse-en-mode-printemps\/#article","isPartOf":{"@id":"https:\/\/reflek.be\/fr\/2025\/01\/30\/le-compte-a-rebours-est-lance-mettez-votre-terrasse-en-mode-printemps\/"},"author":{"name":"Pieter-Jan Vanlede","@id":"https:\/\/reflek.be\/fr\/#\/schema\/person\/df73b5507f41af03ecba22298bde4bef"},"headline":"Le compte \u00e0 rebours est lanc\u00e9 : mettez votre terrasse en mode printemps\u2009!","datePublished":"2025-01-30T15:45:34+00:00","dateModified":"2025-04-02T13:24:35+00:00","mainEntityOfPage":{"@id":"https:\/\/reflek.be\/fr\/2025\/01\/30\/le-compte-a-rebours-est-lance-mettez-votre-terrasse-en-mode-printemps\/"},"wordCount":11,"publisher":{"@id":"https:\/\/reflek.be\/fr\/#organization"},"image":{"@id":"https:\/\/reflek.be\/fr\/2025\/01\/30\/le-compte-a-rebours-est-lance-mettez-votre-terrasse-en-mode-printemps\/#primaryimage"},"thumbnailUrl":"https:\/\/reflek.be\/wp-content\/uploads\/2025\/01\/Fotoshoot_Reflek_prestaties15-scaled.jpg","articleSection":["Parois ext\u00e9rieures","Pergola","Protection solaire"],"inLanguage":"fr-FR"},{"@type":"WebPage","@id":"https:\/\/reflek.be\/fr\/2025\/01\/30\/le-compte-a-rebours-est-lance-mettez-votre-terrasse-en-mode-printemps\/","url":"https:\/\/reflek.be\/fr\/2025\/01\/30\/le-compte-a-rebours-est-lance-mettez-votre-terrasse-en-mode-printemps\/","name":"Mettez votre terrasse en mode printemps","isPartOf":{"@id":"https:\/\/reflek.be\/fr\/#website"},"primaryImageOfPage":{"@id":"https:\/\/reflek.be\/fr\/2025\/01\/30\/le-compte-a-rebours-est-lance-mettez-votre-terrasse-en-mode-printemps\/#primaryimage"},"image":{"@id":"https:\/\/reflek.be\/fr\/2025\/01\/30\/le-compte-a-rebours-est-lance-mettez-votre-terrasse-en-mode-printemps\/#primaryimage"},"thumbnailUrl":"https:\/\/reflek.be\/wp-content\/uploads\/2025\/01\/Fotoshoot_Reflek_prestaties15-scaled.jpg","datePublished":"2025-01-30T15:45:34+00:00","dateModified":"2025-04-02T13:24:35+00:00","description":"Avec Reflek, transformez votre terrasse en un havre de bien-\u00eatre gr\u00e2ce \u00e0 des solutions sur mesure pour un confort absolu.","breadcrumb":{"@id":"https:\/\/reflek.be\/fr\/2025\/01\/30\/le-compte-a-rebours-est-lance-mettez-votre-terrasse-en-mode-printemps\/#breadcrumb"},"inLanguage":"fr-FR","potentialAction":[{"@type":"ReadAction","target":["https:\/\/reflek.be\/fr\/2025\/01\/30\/le-compte-a-rebours-est-lance-mettez-votre-terrasse-en-mode-printemps\/"]}]},{"@type":"ImageObject","inLanguage":"fr-FR","@id":"https:\/\/reflek.be\/fr\/2025\/01\/30\/le-compte-a-rebours-est-lance-mettez-votre-terrasse-en-mode-printemps\/#primaryimage","url":"https:\/\/reflek.be\/wp-content\/uploads\/2025\/01\/Fotoshoot_Reflek_prestaties15-scaled.jpg","contentUrl":"https:\/\/reflek.be\/wp-content\/uploads\/2025\/01\/Fotoshoot_Reflek_prestaties15-scaled.jpg","width":2560,"height":1707},{"@type":"BreadcrumbList","@id":"https:\/\/reflek.be\/fr\/2025\/01\/30\/le-compte-a-rebours-est-lance-mettez-votre-terrasse-en-mode-printemps\/#breadcrumb","itemListElement":[{"@type":"ListItem","position":1,"name":"Home","item":"https:\/\/reflek.be\/fr\/"},{"@type":"ListItem","position":2,"name":"Le compte \u00e0 rebours est lanc\u00e9 : mettez votre terrasse en mode printemps\u2009!"}]},{"@type":"WebSite","@id":"https:\/\/reflek.be\/fr\/#website","url":"https:\/\/reflek.be\/fr\/","name":"Reflek","description":"Stijlvolle oplossingen voor jouw leefruimte","publisher":{"@id":"https:\/\/reflek.be\/fr\/#organization"},"potentialAction":[{"@type":"SearchAction","target":{"@type":"EntryPoint","urlTemplate":"https:\/\/reflek.be\/fr\/?s={search_term_string}"},"query-input":{"@type":"PropertyValueSpecification","valueRequired":true,"valueName":"search_term_string"}}],"inLanguage":"fr-FR"},{"@type":"Organization","@id":"https:\/\/reflek.be\/fr\/#organization","name":"Reflek","url":"https:\/\/reflek.be\/fr\/","logo":{"@type":"ImageObject","inLanguage":"fr-FR","@id":"https:\/\/reflek.be\/fr\/#\/schema\/logo\/image\/","url":"https:\/\/reflek.be\/wp-content\/uploads\/2024\/12\/Reflek-Logo.png","contentUrl":"https:\/\/reflek.be\/wp-content\/uploads\/2024\/12\/Reflek-Logo.png","width":1250,"height":723,"caption":"Reflek"},"image":{"@id":"https:\/\/reflek.be\/fr\/#\/schema\/logo\/image\/"}},{"@type":"Person","@id":"https:\/\/reflek.be\/fr\/#\/schema\/person\/df73b5507f41af03ecba22298bde4bef","name":"Pieter-Jan Vanlede","image":{"@type":"ImageObject","inLanguage":"fr-FR","@id":"https:\/\/reflek.be\/fr\/#\/schema\/person\/image\/","url":"https:\/\/secure.gravatar.com\/avatar\/46b184ba8b8e9c8a38ee6e4eb1ab7742ad0695404a498425ae15cea10f2b7669?s=96&d=mm&r=g","contentUrl":"https:\/\/secure.gravatar.com\/avatar\/46b184ba8b8e9c8a38ee6e4eb1ab7742ad0695404a498425ae15cea10f2b7669?s=96&d=mm&r=g","caption":"Pieter-Jan Vanlede"},"sameAs":["https:\/\/reflek.be"]}]}},"_links":{"self":[{"href":"https:\/\/reflek.be\/fr\/wp-json\/wp\/v2\/posts\/2166","targetHints":{"allow":["GET"]}}],"collection":[{"href":"https:\/\/reflek.be\/fr\/wp-json\/wp\/v2\/posts"}],"about":[{"href":"https:\/\/reflek.be\/fr\/wp-json\/wp\/v2\/types\/post"}],"author":[{"embeddable":true,"href":"https:\/\/reflek.be\/fr\/wp-json\/wp\/v2\/users\/1"}],"replies":[{"embeddable":true,"href":"https:\/\/reflek.be\/fr\/wp-json\/wp\/v2\/comments?post=2166"}],"version-history":[{"count":0,"href":"https:\/\/reflek.be\/fr\/wp-json\/wp\/v2\/posts\/2166\/revisions"}],"wp:featuredmedia":[{"embeddable":true,"href":"https:\/\/reflek.be\/fr\/wp-json\/wp\/v2\/media\/1903"}],"wp:attachment":[{"href":"https:\/\/reflek.be\/fr\/wp-json\/wp\/v2\/media?parent=2166"}],"wp:term":[{"taxonomy":"category","embeddable":true,"href":"https:\/\/reflek.be\/fr\/wp-json\/wp\/v2\/categories?post=2166"},{"taxonomy":"post_tag","embeddable":true,"href":"https:\/\/reflek.be\/fr\/wp-json\/wp\/v2\/tags?post=2166"}],"curies":[{"name":"wp","href":"https:\/\/api.w.org\/{rel}","templated":true}]}}